[{"@context":"https:\/\/schema.org\/","@type":"Article","@id":"https:\/\/www.genrod.cz\/sliby-chyby-kdo-jim-veri-at-tam-bezi\/#Article","mainEntityOfPage":"https:\/\/www.genrod.cz\/sliby-chyby-kdo-jim-veri-at-tam-bezi\/","headline":"Sliby \u2013 chyby, kdo jim v\u011b\u0159\u00ed, a\u0165 tam b\u011b\u017e\u00ed\u2026","name":"Sliby \u2013 chyby, kdo jim v\u011b\u0159\u00ed, a\u0165 tam b\u011b\u017e\u00ed\u2026","description":"Na\u0161e ekonomika je pr\u00fd na velmi dobr\u00e9 \u00farovni, zam\u011bstnanost je rekordn\u011b n\u00edzk\u00e1, zvedaj\u00ed se platy, jsou zv\u00fd\u0161en\u00e9 d\u016fchody, [&hellip;]","datePublished":"2025-02-28","dateModified":"2023-05-05","author":{"@type":"Person","@id":"https:\/\/www.genrod.cz\/author\/#Person","name":"genrod.cz","url":"https:\/\/www.genrod.cz\/author\/","identifier":1,"image":{"@type":"ImageObject","@id":"https:\/\/secure.gravatar.com\/avatar\/2d2764a424a89ac38785df784051989f5c5cb264a2405c7e5d24c1907a83f0fb?s=96&d=mm&r=g","url":"https:\/\/secure.gravatar.com\/avatar\/2d2764a424a89ac38785df784051989f5c5cb264a2405c7e5d24c1907a83f0fb?s=96&d=mm&r=g","height":96,"width":96}},"publisher":{"@type":"Organization","name":"genrod.cz","logo":{"@type":"ImageObject","@id":"\/logo.png","url":"\/logo.png","width":600,"height":60}},"image":{"@type":"ImageObject","@id":"https:\/\/www.genrod.cz\/wp-content\/uploads\/img_a334302_w2253_t1547978845.jpg","url":"https:\/\/www.genrod.cz\/wp-content\/uploads\/img_a334302_w2253_t1547978845.jpg","height":0,"width":0},"url":"https:\/\/www.genrod.cz\/sliby-chyby-kdo-jim-veri-at-tam-bezi\/","about":["Ekonomika"],"wordCount":525,"articleBody":"Na\u0161e ekonomika je pr\u00fd na velmi dobr\u00e9 \u00farovni, zam\u011bstnanost je rekordn\u011b n\u00edzk\u00e1, zvedaj\u00ed se platy, jsou zv\u00fd\u0161en\u00e9 d\u016fchody, to v\u0161e je plus. Ale na druh\u00e9 stran\u011b, zdra\u017eov\u00e1n\u00ed energie, tepla, vody a potravin, to v\u0161e, co lidem st\u00e1t p\u0159id\u00e1, tak si vezme okam\u017eit\u011b zp\u00e1tky a bude to i v\u00edce.\t\u00a0 v\u00a0 Elekt\u0159ina\tJe pravda, \u017ee u\u017e minul\u00fd rok, sem tam se objevilo, \u017ee n\u011bkter\u00e1 distribu\u010dn\u00ed spole\u010dnost bude elekt\u0159inu zdra\u017eovat. Je to u\u017e n\u011bjak\u00fd \u010das, co jsme m\u011bli elekt\u0159inu a teplo za celkem p\u0159ijateln\u00e9 ceny. A firmy l\u00e1kaly smluvn\u011b sv\u00e9 st\u00e1vaj\u00edc\u00ed a nov\u00e9 na to, \u017ee se ceny energi\u00ed nebudou zdra\u017eovat a \u017ee jen oni jsou a budou nejlevn\u011bj\u0161\u00ed. \tTen, kdo m\u00e1 smlouvu s\u00a0fixac\u00ed ceny silov\u00e9 elekt\u0159iny, tak m\u016f\u017ee po\u010d\u00edt s\u00a0t\u00edm, \u017ee tato slo\u017eka tvo\u0159\u00ed p\u0159ibli\u017en\u011b 50% z\u00a0celkov\u00e9 ceny, ta se mu nezdra\u017e\u00ed. Ale ostatn\u00ed poplatky za distribuci, podle regula\u010dn\u00edho \u0159\u00e1du, se zdra\u017e\u00ed v\u0161em. A p\u0159itom je to v\u0161e o lidech, kte\u0159\u00ed zastupuj\u00ed Energetick\u00fd regula\u010dn\u00ed \u00fa\u0159ad (ERU) a rozhoduj\u00ed, o kolik % se bude zdra\u017eovat. A PRO\u010c \u2013 to n\u00e1m nevysv\u011btl\u00ed ani \u201ehabakuk\u201c.\tKv\u016fli \u010demu se zdra\u017euje? Jako d\u016fvod se ud\u00e1v\u00e1, \u017ee hospod\u00e1\u0159stv\u00ed na\u00a0cel\u00e9m sv\u011bt\u011b \u201ekr\u00e1\u010d\u00ed m\u00edlov\u00fdmi kroky vp\u0159ed\u201c a v\u00a0d\u016fsledku velk\u00e9 popt\u00e1vky po energetick\u00fdch zdroj\u00edch, jejich cena na burz\u00e1ch je \u010d\u00edm d\u00e1l vy\u0161\u0161\u00ed. \t\u00a0\t\u00a0 v\u00a0 Voda\tPro\u010d je a bude rok od roku voda dra\u017e\u0161\u00ed? \tLogiku by to m\u011blo snad pouze v\u00a0tom p\u0159\u00edpad\u011b, \u017ee vody je a bude vody st\u00e1le v\u011bt\u0161\u00ed nedostatek. Na tom m\u00e1 z\u00e1sluhu pr\u00fd such\u00e9 po\u010das\u00ed, ale kdy\u017e by se \u0161lo do hloubky tohoto probl\u00e9mu, tak na vin\u011b bude p\u0159edev\u0161\u00edm na\u0161e \u0161patn\u00e9 hospod\u00e1\u0159stv\u00ed, kter\u00e9 po dlouh\u00e9 roky ned\u011blalo nic pro to, aby v\u00a0na\u0161\u00ed zubo\u017een\u00e9 krajin\u011b se voda zadr\u017eovala. V\u0161e, co m\u016f\u017ee vodu v\u00a0krajin\u011b zadr\u017eet, tak se skoro zni\u010dilo. Ka\u017ed\u00fd, kdo mohl, tak drancuje zem pro zisk. A voda se t\u00edm p\u00e1dem znehodnocuje, nez\u016fst\u00e1v\u00e1 v\u00a0krajin\u011b \u2013 nevs\u00e1kne do zem\u011b, prudce odte\u010de, vypa\u0159\u00ed se\u2026 Toto je jeden z\u00a0d\u016fvod\u016f.\tA druh\u00fd d\u016fvod \u2013 velk\u00fd zisk z\u00a0distribuce vody odt\u00e9k\u00e1 st\u00e1le do zahrani\u010d\u00ed. \tMo\u017en\u00e1 jste sly\u0161eli, \u017ee p\u0159ev\u00e1\u017en\u011b na\u0161i vodohospod\u00e1\u0159skou infrastrukturu maj\u00ed ve vlastnictv\u00ed m\u011bsta a obce.\u00a0 To ano, rozhoduj\u00ed o cen\u011b, provozn\u00edch spole\u010dnostech, opravuj\u00ed a buduj\u00ed nov\u00e9 kanalizace.\u00a0 Jen\u017ee skupina VEOLIA \u010cesk\u00e1 republika a.s., kter\u00e1 pat\u0159\u00ed do francouzsk\u00e9ho nadn\u00e1rodn\u00edho koncernu, jako provozn\u00ed spole\u010dnost ovl\u00e1d\u00e1 od roku 2001 \u010desk\u00e9 vodohospod\u00e1\u0159stv\u00ed v\u00a0tak ohromn\u00e9m m\u011b\u0159\u00edtku, \u017ee t\u00e9m\u011b\u0159 v\u0161echny zisky z\u00a0provozn\u00edch \u010dinnosti m\u00ed\u0159\u00ed do zahrani\u010d\u00ed. A tento koncern chce st\u00e1l\u00e9 v\u00edc.\t\u00a0\t\u00a0\u00a0\u00a0\u00a0\u00a0\u00a0\u00a0\u00a0\u00a0\u00a0\u00a0\u00a0 To je v\u0161e o zdra\u017eov\u00e1n\u00ed vody u n\u00e1s, z\u00a0pohledu oby\u010dejn\u00e9ho spot\u0159ebitele.                                                                                                                                                                                                                                                                                                                                                                                        4.4\/5 - (10 votes)        "},{"@context":"https:\/\/schema.org\/","@type":"BreadcrumbList","itemListElement":[{"@type":"ListItem","position":1,"name":"Sliby \u2013 chyby, kdo jim v\u011b\u0159\u00ed, a\u0165 tam b\u011b\u017e\u00ed\u2026","item":"https:\/\/www.genrod.cz\/sliby-chyby-kdo-jim-veri-at-tam-bezi\/#breadcrumbitem"}]}]