[{"@context":"https:\/\/schema.org\/","@type":"Article","@id":"https:\/\/www.genrod.cz\/ochrana-v-zime-i-v-lete\/#Article","mainEntityOfPage":"https:\/\/www.genrod.cz\/ochrana-v-zime-i-v-lete\/","headline":"Ochrana v zim\u011b i v l\u00e9t\u011b","name":"Ochrana v zim\u011b i v l\u00e9t\u011b","description":"http:\/\/www.judikaty.info\/cz\/nejvyssi-soud-ceske-republiky\/auditorska-zprava-o-overeni-napadane-ucetni-zaverky\/%3Fsort%3Dyearasct=UTF-8&#8243;&gt; V obdob\u00ed, kdy nen\u00ed zahradn\u00ed baz\u00e9n vyu\u017e\u00edv\u00e1n ke koup\u00e1n\u00ed, by se m\u011bl rozhodn\u011b p\u0159ikr\u00fdvat p\u0159ed zne\u010di\u0161t\u011bn\u00edm. Je [&hellip;]","datePublished":"2018-01-04","dateModified":"2023-05-05","author":{"@type":"Person","@id":"https:\/\/www.genrod.cz\/author\/#Person","name":"genrod.cz","url":"https:\/\/www.genrod.cz\/author\/","identifier":1,"image":{"@type":"ImageObject","@id":"https:\/\/secure.gravatar.com\/avatar\/2d2764a424a89ac38785df784051989f5c5cb264a2405c7e5d24c1907a83f0fb?s=96&d=mm&r=g","url":"https:\/\/secure.gravatar.com\/avatar\/2d2764a424a89ac38785df784051989f5c5cb264a2405c7e5d24c1907a83f0fb?s=96&d=mm&r=g","height":96,"width":96}},"publisher":{"@type":"Organization","name":"genrod.cz","logo":{"@type":"ImageObject","@id":"\/logo.png","url":"\/logo.png","width":600,"height":60}},"image":{"@type":"ImageObject","@id":"https:\/\/www.genrod.cz\/wp-content\/uploads\/img_a311211_w2445_t1522133769.jpg","url":"https:\/\/www.genrod.cz\/wp-content\/uploads\/img_a311211_w2445_t1522133769.jpg","height":0,"width":0},"url":"https:\/\/www.genrod.cz\/ochrana-v-zime-i-v-lete\/","about":["Zbo\u017e\u00ed"],"wordCount":422,"articleBody":"  http:\/\/www.judikaty.info\/cz\/nejvyssi-soud-ceske-republiky\/auditorska-zprava-o-overeni-napadane-ucetni-zaverky\/%3Fsort%3Dyearasct=UTF-8&#8243;&gt;     V obdob\u00ed, kdy nen\u00ed zahradn\u00ed baz\u00e9n vyu\u017e\u00edv\u00e1n ke koup\u00e1n\u00ed, by se m\u011bl rozhodn\u011b p\u0159ikr\u00fdvat p\u0159ed zne\u010di\u0161t\u011bn\u00edm. Je pak t\u011b\u017ek\u00e9 vybrat z n\u011bho ve\u0161ker\u00e9 napadan\u00e9 list\u00ed, jehli\u010d\u00ed a v\u0161echny hmyz\u00ed nebo\u017et\u00edky, kte\u0159\u00ed se cht\u011bli pouze osv\u011b\u017eit a m\u00edsto toho nedopat\u0159en\u00edm sp\u00e1chali sebevra\u017edu. Majitel\u00e9 baz\u00e9n\u016f ur\u010dit\u011b v\u011bd\u00ed, \u017ee n\u011bkdy sta\u010d\u00ed jen oby\u010dejn\u00fd letn\u00ed d\u00e9\u0161\u0165 a trochu v\u011btru a vodu m\u00e1me jako v rybn\u00edce. Nato\u017e pak, kdy\u017e p\u0159ijde letn\u00ed bou\u0159ka. Ta je schopn\u00e1 n\u00e1m do vody nanosit v\u0161e, co najde v okruhu jednoho kilometru.   K ochran\u011b p\u0159ed t\u011bmito ne\u017e\u00e1douc\u00edmi jevy slou\u017e\u00ed plachty, kter\u00e9 jsou p\u0159\u00edmo ur\u010den\u00e9 na zahradn\u00ed baz\u00e9ny. Ti, kte\u0159\u00ed si cht\u011bj\u00ed u\u0161et\u0159it zbyte\u010dnou pr\u00e1ci anebo finance (n\u011bkdy je zne\u010di\u0161t\u011bn\u00ed tak velk\u00e9, \u017ee se mus\u00ed napustit nov\u00e1 voda), p\u0159ikr\u00fdvaj\u00ed sv\u00e9 koupali\u0161t\u011b ur\u010dit\u011b i na noc. Pou\u017e\u00edv\u00e1n\u00edm ochrann\u00fdch plachet https:\/\/eshop.techneco.eu\/Kryci-plachtyse sn\u00ed\u017e\u00ed tak\u00e9 spot\u0159eba baz\u00e9nov\u00e9 chemie. T\u00edm, \u017ee se voda chr\u00e1n\u00ed v neaktivn\u00edm obdob\u00ed, eliminuje se r\u016fst \u0159asy a mikroorganism\u016f. Pr\u00e1v\u011b z tohoto d\u016fvodu se tato ochrana vyr\u00e1b\u00ed v tmav\u00e9 barv\u011b. Nej\u010dast\u011bji je ke koupi modr\u00e1 a \u010dern\u00e1.  Sou\u010d\u00e1st\u00ed plachty je nap\u00ednac\u00ed lano, kter\u00fdm ji jednodu\u0161e p\u0159ichyt\u00edte okolo baz\u00e9nu. Plachty jsou samoz\u0159ejm\u011b nepromokav\u00e9 a mrazuvzdorn\u00e9. Aby n\u00e1m baz\u00e9n dlouho vydr\u017eel Po skon\u010den\u00ed koupac\u00ed sez\u00f3ny by se m\u011bl baz\u00e9n zazimovat, aby n\u00e1m do n\u011bho p\u0159es zimn\u00ed obdob\u00ed nenapadal ne\u017e\u00e1douc\u00ed nepo\u0159\u00e1dek. Krom\u011b toho je i zahradn\u00ed koupali\u0161t\u011b vystaveno pov\u011btrnostn\u00edm podm\u00ednk\u00e1m, kter\u00e9 b\u00fdvaj\u00ed rok od roku nevyzpytateln\u011bj\u0161\u00ed. I v na\u0161em p\u00e1smu mnohdy klesaj\u00ed teploty pod dvacet stup\u0148\u016f celsia a nen\u00ed v\u00fdjimkou, \u017ee po n\u011bkolika dnech vy\u0161plhaj\u00ed nad nulu.   Tyto extr\u00e9my rozhodn\u011b nesv\u011bd\u010d\u00ed ani na\u0161emu organismu a ani na\u0161im baz\u00e9n\u016fm. Proto dop\u0159ejme i spole\u010dn\u00edkovi na\u0161ich letn\u00edch radov\u00e1nek vhodn\u00fd kab\u00e1t, aby sychrav\u00e9 obdob\u00ed bez \u00fahony p\u0159ekonal a mohl se s n\u00e1mi na za\u010d\u00e1tku l\u00e9ta z\u00fa\u010dastnit op\u011bt nov\u00fdch vodn\u00edch aktivit.                                                                                                                                                                                                                                                                                                                                                                                          4.5\/5 - (8 votes)        "},{"@context":"https:\/\/schema.org\/","@type":"BreadcrumbList","itemListElement":[{"@type":"ListItem","position":1,"name":"Ochrana v zim\u011b i v l\u00e9t\u011b","item":"https:\/\/www.genrod.cz\/ochrana-v-zime-i-v-lete\/#breadcrumbitem"}]}]